{"id":5032,"date":"2023-10-10T01:19:11","date_gmt":"2023-10-09T22:19:11","guid":{"rendered":"https:\/\/mehmetadaoztekin.com\/index.php\/2023\/10\/10\/mehmet-ada-oztekin-sur-le-campus\/"},"modified":"2023-10-17T23:38:03","modified_gmt":"2023-10-17T20:38:03","slug":"mehmet-ada-oztekin-sur-le-campus","status":"publish","type":"post","link":"https:\/\/mehmetadaoztekin.com\/index.php\/2023\/10\/10\/mehmet-ada-oztekin-sur-le-campus\/?lang=fr","title":{"rendered":"Mehmet Ada \u00d6ztekin sur le campus"},"content":{"rendered":"<section class=\"wpb-content-wrapper\"><p>[vc_row css=&#8221;.vc_custom_1495544793232{padding-bottom: 14px !important;}&#8221;][vc_column][vc_empty_space height=&#8221;30px&#8221;]\n<blockquote class=\"edgtf-blockquote-shortcode\"  >\n\t<span class=\"edgtf-icon-quotations-holder\">\n\t\t<span aria-hidden=\"true\" class=\"edgtf-icon-font-elegant icon_quotations \" ><\/span>\t<\/span>\n\t<p class=\"edgtf-blockquote-text\">\n\t\tKaybedenler Kul\u00fcb\u00fc Yolda, y\u00f6netmeni Mehmet Ada \u00d6ztekin Kamp\u00fcs\u2019te\t<\/p>\n<\/blockquote>[vc_empty_space height=&#8221;30px&#8221;][vc_column_text]<\/p>\n<h3><b><span data-highlight=\"yellow\">Dans notre 90e num\u00e9ro, l&#8217;invit\u00e9 de notre page Inspiration est Mehmet Ada \u00d6ztekin, le r\u00e9alisateur du film Kaybedenler Kul\u00fcb\u00fc Yolda. Nous avons eu une conversation agr\u00e9able avec \u00d6ztekin sur le film, le cin\u00e9ma du pays, la perte et bien s\u00fbr Kad\u0131k\u00f6y.<\/span><\/b><\/h3>\n<p>[\/vc_column_text][vc_empty_space height=&#8221;30px&#8221;][vc_column_text]<\/p>\n<div><b><span data-highlight=\"yellow\">Votre vie a commenc\u00e9 par la radiodiffusion et s&#8217;est poursuivie en tant que traductrice. Par la suite, vous avez remport\u00e9 de nombreux succ\u00e8s en tant que r\u00e9alisateur. Comment avez-vous commenc\u00e9 \u00e0 r\u00e9aliser des films ?<\/span><\/b><\/div>\n<div><\/div>\n<div><span data-highlight=\"yellow\">En fait, je voulais d&#8217;abord \u00eatre sc\u00e9nariste. \u00c0 cet \u00e2ge, vous consid\u00e9rez le sc\u00e9nario comme une forme de texte, comme l&#8217;\u00e9criture d&#8217;un roman ou d&#8217;un po\u00e8me. Mais lorsque j&#8217;ai r\u00e9ussi \u00e0 me former un peu sur ce sujet et que j&#8217;ai commenc\u00e9 \u00e0 \u00e9crire des sc\u00e9narios, j&#8217;ai r\u00e9alis\u00e9 qu&#8217;il s&#8217;agissait vraiment de construire un monde, puis de confier ce monde \u00e0 quelqu&#8217;un et d&#8217;observer le monde construit par la personne \u00e0 qui vous l&#8217;avez confi\u00e9. Ici, vous voulez construire ce monde vous-m\u00eame avec un peu d&#8217;audace. Quoi qu&#8217;il en soit, lorsque l&#8217;on fait des recherches, on s&#8217;aper\u00e7oit que c&#8217;est ainsi que les choses se passent dans le monde. C&#8217;est donc un choix de ne pas \u00e9crire un sc\u00e9nario et de ne pas r\u00e9aliser. Bien entendu, ce n&#8217;est pas le cas en Turquie. En Turquie, cette ligne diverge tr\u00e8s fortement. Ils peuvent para\u00eetre \u00e9tranges si le sc\u00e9nariste veut r\u00e9aliser. Par exemple, \u00e0 l&#8217;\u00e9tranger, on demande au sc\u00e9nariste s&#8217;il veut tourner. Lorsque le sc\u00e9nariste dit qu&#8217;il veut tourner, on n&#8217;en parle m\u00eame pas. Nous voulons tout faire nous-m\u00eames. C&#8217;est d&#8217;ailleurs \u00e0 la suite d&#8217;un tel processus que j&#8217;ai d\u00e9cid\u00e9 de devenir r\u00e9alisateur. J&#8217;ai d&#8217;abord travaill\u00e9 dans des films commerciaux. J&#8217;ai constat\u00e9 que l&#8217;utilisation la plus pr\u00e9cise de la technique de cette entreprise est la production de publicit\u00e9s. Peu \u00e0 peu, j&#8217;ai commenc\u00e9 \u00e0 gravir les \u00e9chelons de la production. J&#8217;ai longtemps \u00e9t\u00e9 assistant r\u00e9alisateur. Ensuite, j&#8217;ai commenc\u00e9 \u00e0 tourner des films publicitaires. J&#8217;ai commenc\u00e9 \u00e0 tourner des films de fiction avec mon premier court m\u00e9trage intitul\u00e9 Kaybeden \u00d6yk\u00fcler 1 &#8211; <a href=\"https:\/\/eksisozluk.com\/?q=burukac%c4%b1\" rev=\"en_rl_none\">Burukac\u0131<\/a>.<\/span><\/div>\n<div><\/div>\n<div><b><span data-highlight=\"yellow\">Plus de nouvelles<\/span><\/b><\/div>\n<div><\/div>\n<div><b><span data-highlight=\"yellow\">Poursuivons avec le &#8220;Club des perdants&#8221;. Qu&#8217;est-ce qui, selon vous, a fait du Club des perdants un film culte ? Qu&#8217;est-ce qui, selon vous, a fait la magie de ce spectacle et l&#8217;a rendu si m\u00e9morable pour le public ?<\/span><\/b><\/div>\n<div><\/div>\n<div><span data-highlight=\"yellow\">Le point le plus important est que tout le monde \u00e9tait vraiment seul. Car l&#8217;\u00e8re de la consommation \u00e9volue tr\u00e8s vite. Le <a href=\"https:\/\/www.hurriyet.com.tr\/film-izle\/\" rev=\"en_rl_none\">film<\/a> a film\u00e9 des personnes dans la ville et seules. Personne ne choisit d&#8217;\u00eatre seul. Nous faisons croire que nous pr\u00e9f\u00e9rons \u00eatre seuls pour avoir l&#8217;air cool, mais quoi qu&#8217;il en soit, la solitude est une mauvaise chose. Ce n&#8217;est pas quelque chose que l&#8217;on peut appr\u00e9cier. Mais tout le monde joue. Personne ne se montre sous son vrai jour et la situation s&#8217;aggrave de jour en jour. Avec l&#8217;arriv\u00e9e des m\u00e9dias sociaux dans nos vies, ces masques ont commenc\u00e9 \u00e0 se multiplier. Lorsque nous avons r\u00e9alis\u00e9 le premier film, ces masques \u00e9taient plus transparents. Aujourd&#8217;hui, les gens portent des masques d&#8217;argile et de boue sur le visage. Les personnes qui se crient dessus sur les m\u00e9dias sociaux ne peuvent m\u00eame pas se dire bonjour lorsqu&#8217;elles se retrouvent face \u00e0 face. La soci\u00e9t\u00e9 se dirige ainsi vers l&#8217;isolement. Le premier film a co\u00efncid\u00e9 avec cette p\u00e9riode o\u00f9 la solitude commen\u00e7ait \u00e0 se faire sentir. Tout cela \u00e9tait encore loin lorsque l&#8217;\u00e9mission de radio a \u00e9t\u00e9 r\u00e9alis\u00e9e dans les ann\u00e9es 1990. Un tr\u00e8s petit nombre d&#8217;entre eux commen\u00e7aient tout juste \u00e0 souffrir de cette d\u00e9pression. Le concept de d\u00e9pression urbaine n&#8217;a pas encore \u00e9t\u00e9 \u00e9largi, il n&#8217;en est qu&#8217;\u00e0 ses d\u00e9buts. Mais dans les ann\u00e9es 2010, lorsque nous avons commenc\u00e9 \u00e0 faire le film, il y avait les m\u00e9dias sociaux et les gens commen\u00e7aient \u00e0 rester \u00e0 la maison. L&#8217;\u00e8re de la consommation s&#8217;est acc\u00e9l\u00e9r\u00e9e et les masques ont commenc\u00e9 \u00e0 s&#8217;\u00e9paissir. Et lorsque quelqu&#8217;un d&#8217;autre a essay\u00e9 de montrer ce qu&#8217;il y avait sous ce masque, je pense qu&#8217;il l&#8217;a adopt\u00e9 par inadvertance. Il est honn\u00eate de demander \u00e0 une femme qui appelle la radio \u00e0 00h00 du soir : &#8220;Avons-nous d\u00e9j\u00e0 couch\u00e9 avec vous ? Cela a montr\u00e9 que tout le monde est en fait tr\u00e8s seul, et deuxi\u00e8mement, les gens aiment ce qui d\u00e9pr\u00e9cie et simplifie trop l&#8217;extraordinaire et l&#8217;intouchable. En d&#8217;autres termes, les hommes qui parlent d&#8217;un sujet tabou avec aisance sont en fait une zone de s\u00e9curit\u00e9 pour lui. En fait, les deux hommes simplifient \u00e0 l&#8217;extr\u00eame la sexualit\u00e9. C&#8217;est pourquoi les femmes r\u00e9agissent davantage dans ce domaine. C&#8217;est la raison pour laquelle il s&#8217;est tellement d\u00e9velopp\u00e9. C&#8217;est pourquoi j&#8217;ai essay\u00e9 de concentrer le deuxi\u00e8me film ici. Le personnage de Sevda leur ressemble donc. Nous avons dessin\u00e9 une femme qui veut se d\u00e9barrasser de ses fardeaux. C&#8217;est pourquoi le premier film a attir\u00e9 tant d&#8217;attention. Mais bien s\u00fbr, il y avait aussi une philosophie. Il a \u00e9galement fait part de ses pr\u00e9occupations concernant cette philosophie.<\/span><\/div>\n<div><\/div>\n<div><b><span data-highlight=\"yellow\">Plus de nouvelles<\/span><\/b><\/div>\n<div><\/div>\n<div><b><span data-highlight=\"yellow\">&#8220;Personne ne choisit vraiment d&#8217;\u00eatre seul. Nous faisons croire que nous pr\u00e9f\u00e9rons \u00eatre seuls pour avoir l&#8217;air cool, mais quoi qu&#8217;il en soit, la solitude est une mauvaise chose. Ce n&#8217;est pas quelque chose qu&#8217;il faut appr\u00e9cier&#8221;.<\/span><\/b><\/div>\n<div><\/div>\n<div><b><span data-highlight=\"yellow\">Le sc\u00e9nario du Club des perdants est comme un dictionnaire. Les phrases du film sont devenues des mots familiers. Le livre du premier a \u00e9t\u00e9 publi\u00e9. Avez-vous un tel projet pour le deuxi\u00e8me film ?<\/span><\/b><\/div>\n<div><\/div>\n<div><span data-highlight=\"yellow\">Oui, nous publierons le livre pour le deuxi\u00e8me film. J&#8217;ai m\u00eame eu un moment comme celui-ci. Apr\u00e8s la sortie du premier film, j&#8217;ai pass\u00e9 un entretien et quand on m&#8217;a demand\u00e9 &#8220;comment allez-vous ?&#8221; et que j&#8217;ai r\u00e9pondu &#8220;normal&#8221;, tout le monde a beaucoup ri. Je ne savais pas de quoi ils riaient. C&#8217;est \u00e0 ce moment-l\u00e0 que j&#8217;ai r\u00e9alis\u00e9 qu&#8217;il \u00e9tait entr\u00e9 dans la terminologie courante.<\/span><\/div>\n<div><\/div>\n<div><b><span data-highlight=\"yellow\">Plus de nouvelles<\/span><\/b><\/div>\n<div><\/div>\n<div><b><span data-highlight=\"yellow\">Comment vos chemins se sont-ils crois\u00e9s avec Kaan et Mete ?<\/span><\/b><\/div>\n<div><\/div>\n<div><span data-highlight=\"yellow\">Kaan et moi sommes amis depuis 23 ans. Je suis arriv\u00e9 \u00e0 Istanbul \u00e0 l&#8217;\u00e2ge de 19 ans. J&#8217;avais 20 ans lorsque j&#8217;ai rencontr\u00e9 Kaan. J&#8217;avais postul\u00e9 pour un emploi \u00e0 la librairie Kelepir et c&#8217;est l\u00e0 que nous nous sommes rencontr\u00e9s. Puis nous avons commenc\u00e9 \u00e0 vivre ensemble et cette vie en fauteuil a commenc\u00e9. Nous avons v\u00e9cu ensemble pendant une dizaine d&#8217;ann\u00e9es. J&#8217;ai rencontr\u00e9 Mete par l&#8217;interm\u00e9diaire de Kaan.<\/span><\/div>\n<div><\/div>\n<div><b><span data-highlight=\"yellow\">\u00c0 ce stade, nous souhaitons poser la question suivante. Nous avons entendu dire que vous \u00e9tiez l&#8217;homologue dans la vraie vie du personnage jou\u00e9 par R\u0131za Kocao\u011flu dans le film. <\/span><\/b><\/div>\n<div><\/div>\n<div><span data-highlight=\"yellow\">Oui, je suis ce personnage. Le personnage de J Murat a \u00e9merg\u00e9 \u00e0 travers moi. D\u00e8s la cohabitation, la philosophie du film a commenc\u00e9 \u00e0 se dessiner. Mais comme je l&#8217;ai dit, en raison de la situation du secteur \u00e0 l&#8217;\u00e9poque, lorsque j&#8217;ai pr\u00e9sent\u00e9 un sc\u00e9nario racontant l&#8217;histoire d&#8217;un radiodiffuseur, ils n&#8217;ont pas vu cette id\u00e9e d&#8217;un bon \u0153il. Ils ont dit que c&#8217;\u00e9tait trop sophistiqu\u00e9, incompr\u00e9hensible. J&#8217;\u00e9coutais la radio de temps en temps. Les dialogues \u00e9taient comme un beau po\u00e8me. Lorsque le film est sorti, ils ont tous \u00e9t\u00e9 tr\u00e8s surpris. Mais ils \u00e9taient aussi heureux.<\/span><\/div>\n<div><\/div>\n<div><b><span data-highlight=\"yellow\">Plus de nouvelles<\/span><\/b><\/div>\n<div><\/div>\n<div><b><span data-highlight=\"yellow\">Passons maintenant au film Losers Club on the Road. Comment avez-vous d\u00e9cid\u00e9 de faire ce film ? La possibilit\u00e9 que les attentes soient trop \u00e9lev\u00e9es apr\u00e8s le premier film vous a-t-elle rendu nerveux ? <\/span><\/b><\/div>\n<div><\/div>\n<div><span data-highlight=\"yellow\">Lorsque nous avons d\u00e9cid\u00e9 de faire le film, nous avons parl\u00e9 de ces choses entre nous, mais parfois, il faut se boucher les oreilles, sinon on ne peut pas le supporter. Dans le deuxi\u00e8me film, j&#8217;ai eu du mal \u00e0 raconter l&#8217;histoire de mon propre point de vue. Tolga \u00d6rnek avait fait un tr\u00e8s bon travail dans le premier film, mais il avait racont\u00e9 Kad\u0131k\u00f6y d&#8217;un point de vue ext\u00e9rieur, d&#8217;un \u0153il qui n&#8217;y vivait pas. En tant que personnes vivant sur place, nous avons voulu raconter ce que ces hommes ressentaient et pensaient \u00e0 un niveau plus profond. J&#8217;avais quelque chose \u00e0 dire. Je pense que j&#8217;ai pu l&#8217;exprimer dans le film. Ce n&#8217;est pas une suite. Seuls les personnages sont les m\u00eames, Kad\u0131k\u00f6y est la m\u00eame. Je voulais le raconter du point de vue d&#8217;une femme. Je voulais d\u00e9crire cette soci\u00e9t\u00e9 et les sentiments que nous avons \u00e9prouv\u00e9s avec le personnage de Sevda. Kaan et Mete sont des personnages que tout le monde voudrait avoir dans sa vie, dont on tombe amoureux mais qu&#8217;on ne veut jamais voir continuer \u00e0 vivre ensemble. Nous voulions sortir un peu du cadre et regarder avec les yeux de Sevda. C&#8217;est d&#8217;ailleurs l&#8217;objet du voyage dans le film. Une vie dans le Sud, o\u00f9 tout commence tr\u00e8s bien, se transforme en un sentiment de nuage et d&#8217;obscurit\u00e9 lorsqu&#8217;ils commencent \u00e0 s&#8217;approcher de leur propre terre, tout comme le ciel dans le film. C&#8217;est faire face \u00e0 la v\u00e9rit\u00e9. Quand on va dans le Sud et qu&#8217;on s&#8217;allonge sur la plage, ce n&#8217;est pas la vraie vie. Le personnage de Sevda en fait \u00e9galement l&#8217;exp\u00e9rience. <\/span><\/div>\n<div><\/div>\n<div><b><span data-highlight=\"yellow\">Plus de nouvelles<\/span><\/b><\/div>\n<div><\/div>\n<div><b><span data-highlight=\"yellow\">L&#8217;histoire du cin\u00e9ma regorge de films cultes sur la route. Quels sont vos road movies pr\u00e9f\u00e9r\u00e9s ?<\/span><\/b><\/div>\n<div><\/div>\n<div><span data-highlight=\"yellow\">En fait, il y en a beaucoup. Je peux r\u00e9pondre imm\u00e9diatement David Lynch &#8211; The Straight Story, Dennis Hopper &#8211; Easy Rider sans aucun doute et Carlos Sorin &#8211; Historias Minimas.<\/span><\/div>\n<div><\/div>\n<div><b><span data-highlight=\"yellow\">Il existe deux cat\u00e9gories : les films \u00e0 grand spectacle et les films d&#8217;art. Dans le premier cas, on parle de probl\u00e8mes de qualit\u00e9 et dans le second, de probl\u00e8mes d&#8217;ennui. Quelle est votre opinion \u00e0 ce sujet ?<\/span><\/b><\/div>\n<div><\/div>\n<div><span data-highlight=\"yellow\">Je ne trouve pas cette distinction tr\u00e8s correcte. Par exemple, lorsqu&#8217;un r\u00e9alisateur dit qu&#8217;il va faire un film d&#8217;art, vous vous asseyez et en discutez. Mais si quelqu&#8217;un d&#8217;autre vient et dit : &#8220;J&#8217;ai commenc\u00e9 \u00e0 peindre et j&#8217;envisage d&#8217;ouvrir une exposition en France&#8221;, notre r\u00e9action sera tr\u00e8s diff\u00e9rente. Parce que la peinture est une mati\u00e8re. C&#8217;est un art. Ce n&#8217;est pas un travail comme peindre un mur, m\u00eame peindre un mur est une exp\u00e9rience diff\u00e9rente. Mais nous ne r\u00e9agissons pas de la m\u00eame mani\u00e8re lorsqu&#8217;ils annoncent qu&#8217;ils vont r\u00e9aliser un film d&#8217;art. Cependant, on ne peut pas d\u00e9cider du jour au lendemain de faire un film d&#8217;art et d&#8217;essai. On ne peut donc pas se r\u00e9veiller un matin et devenir Tarkovski. Il est donc vrai qu&#8217;il est ennuyeux, car il n&#8217;est pas fait par des personnes comp\u00e9tentes. Pour qu&#8217;un film soit un film d&#8217;art, son r\u00e9alisateur doit avoir fait de s\u00e9rieux efforts, de nombreuses exp\u00e9riences et avoir acquis l&#8217;identit\u00e9 d&#8217;un artiste. Le film d&#8217;art vient de l&#8217;artiste. Il est donc normal qu&#8217;elle soit ennuyeuse, fausse et erron\u00e9e. Il y a de bons et de mauvais films. Le niveau intellectuel d&#8217;un film est discutable. Par exemple, on ne peut pas sortir un film de Derek Jarman et s&#8217;attendre \u00e0 ce que tout le monde le comprenne. Ou vous ne pouvez pas vous demander pourquoi il n&#8217;est pas assez vu. Parce que regarder ces films n\u00e9cessite un bagage intellectuel. Tout comme on ne peut pas s&#8217;attendre \u00e0 ce que tous ceux qui regardent une peinture tr\u00e8s puissante la comprennent. Cela n\u00e9cessite une accumulation. Il y a donc de bons films. J&#8217;esp\u00e8re qu&#8217;un jour je pourrai r\u00e9aliser un film d&#8217;art. Par exemple, Amores Perros (Amours et chiens bris\u00e9s) est venu au festival. Le film est sorti au moment o\u00f9 le festival \u00e9tait spectaculaire et il a eu un impact dans le monde entier. Puis le DVD est sorti. Le film s&#8217;est vendu \u00e0 des millions d&#8217;exemplaires. Ici aussi, il s&#8217;agissait au d\u00e9part d&#8217;un film de festival, d&#8217;un film d&#8217;art, qui a rapport\u00e9 des milliards d&#8217;euros. Allons-nous qualifier ce film de film \u00e0 grand spectacle ou de film d&#8217;art ? C&#8217;est tout simplement un bon film. Il a donc \u00e9galement trouv\u00e9 son public.<\/span><\/div>\n<div><\/div>\n<div><b><span data-highlight=\"yellow\">Certains r\u00e9alisateurs aiment travailler avec les m\u00eames acteurs. Nous en avons vu de nombreux exemples dans le pass\u00e9. On retrouve les m\u00eames acteurs dans vos s\u00e9ries et films r\u00e9cents. Y a-t-il une raison particuli\u00e8re \u00e0 cela ?<\/span><\/b><\/div>\n<div><\/div>\n<div><span data-highlight=\"yellow\">On ne choisit pas un joueur parce qu&#8217;on s&#8217;entend bien. C&#8217;est un bon joueur et vous vous entendez bien. Sinon, il n&#8217;est pas normal de travailler avec un joueur simplement parce que vous vous entendez bien. Mais le fait de pouvoir jouer sur les deux tableaux facilite \u00e9videmment le travail du r\u00e9alisateur. Le plus important pour nous est de refl\u00e9ter au mieux ce caract\u00e8re. Bien s\u00fbr, il y a de doux reproches \u00e0 ce sujet. Mais je n&#8217;ai pas pour r\u00e8gle de travailler avec cette \u00e9quipe. Parfois, l&#8217;acteur peut vous manipuler pendant l&#8217;\u00e9criture du sc\u00e9nario. Le joueur peut in\u00e9vitablement venir s&#8217;installer dans votre t\u00eate \u00e0 ce moment-l\u00e0. Par exemple, Innaritu, le r\u00e9alisateur de Biutiful, a d\u00e9clar\u00e9 qu&#8217;il n&#8217;aurait pas fait le film si Javier Bardem n&#8217;avait pas accept\u00e9. Il dit que vous lui avez tout \u00e9crit. Cela n&#8217;aurait pas \u00e9t\u00e9 possible sans Bardem, peut-\u00eatre, mais il l&#8217;a cr\u00e9\u00e9 dans sa t\u00eate. C&#8217;est la m\u00eame chose pour moi parfois. J&#8217;aime travailler avec Timu\u00e7in Esen, Nejat \u0130\u015fler, Mehmet G\u00fcns\u00fcr, oui. Nous pouvons retrouver le m\u00eame casting dans un projet. Mais comme je l&#8217;ai dit, ce personnage doit leur correspondre parfaitement. Ce serait un d\u00e9sastre de tenter quelque chose qui ne peut pas \u00eatre fait pour des faveurs.<\/span><\/div>\n<div><\/div>\n<div><b><span data-highlight=\"yellow\">&#8220;Aujourd&#8217;hui, lorsque nous regardons les premi\u00e8res minutes d&#8217;un film, m\u00eame si nous supposons que nous n&#8217;entendons aucun son, nous pouvons imm\u00e9diatement comprendre s&#8217;il s&#8217;agit d&#8217;un film d&#8217;Europe du Nord, d&#8217;un film fran\u00e7ais ou d&#8217;un film allemand. Parce qu&#8217;il y a un cadre, une compr\u00e9hension, un langage visuel. Mais ce n&#8217;est pas le cas du cin\u00e9ma turc. Parce que le cin\u00e9ma turc n&#8217;existe pas&#8221;.<\/span><\/b><\/div>\n<p>&nbsp;<\/p>\n<div><b><span data-highlight=\"yellow\">On dit qu&#8217;il existe une tradition cin\u00e9matographique dans notre pays depuis Ye\u015fil\u00e7am. Comment \u00e9valuez-vous l&#8217;\u00e9tat du cin\u00e9ma du pays au cours de la p\u00e9riode r\u00e9cente ?<\/span><\/b><\/div>\n<div><\/div>\n<div><span data-highlight=\"yellow\">Malheureusement, il n&#8217;y a pas eu de cin\u00e9ma turc dans notre pays depuis les ann\u00e9es 1960. Aujourd&#8217;hui, lorsque nous regardons les premi\u00e8res minutes d&#8217;un film, nous pouvons imm\u00e9diatement dire s&#8217;il s&#8217;agit d&#8217;un film d&#8217;Europe du Nord, d&#8217;un film fran\u00e7ais ou d&#8217;un film allemand, m\u00eame si nous supposons que nous n&#8217;entendons aucun son. Mais le cin\u00e9ma turc n&#8217;existe pas. Lorsqu&#8217;il a atteint la puissance mondiale dans les ann\u00e9es 1960, le cin\u00e9ma turc a brill\u00e9 par son r\u00e9alisme villageois. Cependant, lorsqu&#8217;il a acquis une renomm\u00e9e mondiale, des films ont commenc\u00e9 \u00e0 \u00eatre r\u00e9alis\u00e9s en fonction de la demande. Les films ont \u00e9t\u00e9 tourn\u00e9s en trois jours et en quatre jours. Dans les ann\u00e9es 1980, il n&#8217;y avait pas de salles de cin\u00e9ma dans 25 provinces. Quand j&#8217;ai dit que je voulais faire du cin\u00e9ma et tourner des films dans les ann\u00e9es 90, il n&#8217;y avait pas de production de films. Le secteur \u00e9tait en voie d&#8217;extinction. En d&#8217;autres termes, il n&#8217;existait pas de cin\u00e9ma turc produisant 60 films par an. Aujourd&#8217;hui, nous sommes revenus \u00e0 la m\u00eame situation. Nous avons commenc\u00e9 \u00e0 faire les m\u00eames films encore et encore. De cette mani\u00e8re, le secteur essaiera de se r\u00e9tablir \u00e0 nouveau sans apprendre la m\u00eame le\u00e7on. Parce que nous sommes dans une situation o\u00f9 chacun agit individuellement. On ne peut pas bl\u00e2mer le public dans ce cas. Le public n&#8217;est jamais \u00e0 bl\u00e2mer. Il n&#8217;est pas normal de ne pas faire de films diff\u00e9rents parce que le public ne les regarde pas. Aujourd&#8217;hui, la Turquie se classe au deuxi\u00e8me rang pour l&#8217;importation de s\u00e9ries t\u00e9l\u00e9vis\u00e9es. Cela signifie que nous avons un march\u00e9. De ce point de vue, il n&#8217;est pas n\u00e9cessaire de penser simplement au nombre de spectateurs d&#8217;un film. Si nous y sommes parvenus dans les s\u00e9ries t\u00e9l\u00e9vis\u00e9es, nous pouvons le faire au cin\u00e9ma. La formule r\u00e9side dans le fait que les groupes des associations que nous avons mentionn\u00e9es travaillent ensemble, r\u00e9fl\u00e9chissent ensemble et se soutiennent mutuellement. Oui, les films comiques prennent trop de place pour le moment et les films des autres cat\u00e9gories risquent de ne pas trouver leur place. Je veux dire que ce n&#8217;est pas parce que les films ne sont pas faits qu&#8217;ils sont peu regard\u00e9s. Le public ne peut donc pas le regarder. Les gens ne peuvent pas acc\u00e9der aux films. Ces formules doivent \u00eatre d\u00e9velopp\u00e9es et financ\u00e9es. Les cin\u00e9astes \u00e0 l&#8217;\u00e9tranger sont unis en tant que communaut\u00e9 et se soutiennent mutuellement pour maintenir leur propre culture en vie.<\/span><\/div>\n<div><\/div>\n<div><b><span data-highlight=\"yellow\">Qu&#8217;aimeriez-vous dire \u00e0 propos de la critique du film ?<\/span><\/b><\/div>\n<div><\/div>\n<div><span data-highlight=\"yellow\">Il existe un dicton am\u00e9ricain qui dit : &#8220;Les mauvaises critiques brisent beaucoup de c\u0153urs, brisent beaucoup de c\u0153urs : &#8220;Les mauvaises critiques brisent beaucoup de c\u0153urs, brisent beaucoup de c\u0153urs. Une bonne critique n&#8217;est jamais assez bonne&#8221;. Pour la premi\u00e8re fois, j&#8217;ai r\u00e9ussi \u00e0 me tenir \u00e0 l&#8217;\u00e9cart de la critique avec ce deuxi\u00e8me film. Je n&#8217;ai pas lu grand-chose, \u00e0 l&#8217;exception d&#8217;une ou deux critiques. Bien entendu, les critiques ne manquent pas, m\u00eame si vous restez \u00e0 l&#8217;\u00e9cart. La plus grande critique a toujours \u00e9t\u00e9 qu&#8217;il ne ressemble pas au premier film. Si nous l&#8217;avions fait comme le premier film, cette fois-ci, ils l&#8217;auraient critiqu\u00e9 comme le premier film. Comme je l&#8217;ai d\u00e9j\u00e0 dit, j&#8217;avais quelque chose de nouveau \u00e0 dire et c&#8217;est pourquoi nous avons d\u00e9cid\u00e9 de faire ce film. Si nous avions r\u00e9alis\u00e9 <a href=\"https:\/\/www.hurriyet.com.tr\/haberleri\/kaybedenler-kulubu-yolda\" rev=\"en_rl_none\">Kaybedenlerler Kul\u00fcb\u00fc Yolda<\/a>en 2012-2013, oui, cela aurait \u00e9t\u00e9 une pr\u00e9occupation commerciale. On peut dire qu&#8217;il a \u00e9t\u00e9 r\u00e9alis\u00e9 sur la base de l&#8217;int\u00e9r\u00eat intense suscit\u00e9 par le premier film. Il est probable que si nous l&#8217;avions sorti \u00e0 ce moment-l\u00e0, le box-office aurait \u00e9t\u00e9 compl\u00e8tement diff\u00e9rent. Mais aborder le film The Losers Club avec un souci commercial et en faire un second film serait contraire \u00e0 la philosophie du film. Nous ne nous sentirions pas moralement bien. Il s&#8217;agit d&#8217;un film compl\u00e8tement diff\u00e9rent. Nous ne l&#8217;avons pas fait pour faire une comparaison. Sa critique n&#8217;est pas comme le premier film, c&#8217;est une bonne critique pour moi. C&#8217;est aussi une bonne critique pour moi de dire qu&#8217;il y a trop de Kad\u0131k\u00f6yisme dans ce film. Parce que Kad\u0131k\u00f6y a toujours \u00e9t\u00e9 un centre culturel. Il est devenu un centre o\u00f9 la litt\u00e9rature et la musique \u00e9taient abondantes et discut\u00e9es. C&#8217;est une bonne chose que l&#8217;on en parle.<\/span><\/div>\n<div><\/div>\n<div><b><span data-highlight=\"yellow\">Enfin, nous aimerions conna\u00eetre votre opinion sur l&#8217;enseignement du cin\u00e9ma dans notre pays. Oui, des r\u00e9alisateurs importants ont \u00e9merg\u00e9 r\u00e9cemment, mais la plupart d&#8217;entre eux ne sont pas issus de l&#8217;acad\u00e9mie. Que sugg\u00e9reriez-vous \u00e0 nos \u00e9tudiants universitaires qui \u00e9tudient le cin\u00e9ma et la t\u00e9l\u00e9vision et qui veulent faire carri\u00e8re dans le cin\u00e9ma ?<\/span><\/b><\/div>\n<div><\/div>\n<div><span data-highlight=\"yellow\">Je pense que le probl\u00e8me g\u00e9n\u00e9ral est la lecture. Parce que nous avons besoin d&#8217;informations. Il s&#8217;agit d&#8217;une situation o\u00f9 l&#8217;on peut avoir une opinion sans avoir de connaissances ou \u00e9crire sans vivre. Techniquement, il s&#8217;agit de l&#8217;un des emplois les plus faciles au monde. Parce qu&#8217;il y a une \u00e9quipe en dessous. Ce n&#8217;est pas comme soulever un avion. La technique de ce travail est utilis\u00e9e dans les \u00e9coles. Il est donc n\u00e9cessaire de lire et de vivre. Il faut voyager et observer. Lorsque je travaillais avec les Britanniques, j&#8217;ai demand\u00e9 quelles \u00e9taient les tranches d&#8217;\u00e2ge dans la profession. En Angleterre, on dit que si un assistant r\u00e9alisateur devient assistant r\u00e9alisateur \u00e0 l&#8217;\u00e2ge de 32-33 ans, c&#8217;est un jeune assistant r\u00e9alisateur. Avant l&#8217;\u00e2ge de 35 ans, si vous n&#8217;avez pas une histoire bien pr\u00e9cise, je pense que c&#8217;est un peu t\u00f4t, car pour \u00eatre r\u00e9alisateur, il faut d&#8217;abord avoir v\u00e9cu. Nous ne pouvons pas parvenir \u00e0 cette exp\u00e9rience uniquement en apprenant la technique sans avoir exp\u00e9riment\u00e9 et observ\u00e9. Mettre en sc\u00e8ne, c&#8217;est parvenir \u00e0 exprimer une \u00e9motion. Il s&#8217;agit de pouvoir exprimer cette \u00e9motion \u00e0 un acteur. Je vous conseille donc de lire beaucoup et d&#8217;\u00e9crire beaucoup. Faites en sorte qu&#8217;ils filment quelque chose. Il est possible de r\u00e9aliser des courts m\u00e9trages m\u00eame avec un t\u00e9l\u00e9phone portable. Je leur conseille de s&#8217;entra\u00eener autant que possible.<\/span><\/div>\n<div><\/div>\n<div><span data-highlight=\"yellow\">Interview Erkmen \u00d6zb\u0131\u00e7ak\u00e7\u0131 &#8211; Tu\u011fba Badal<\/span><\/div>\n<p>[\/vc_column_text][\/vc_column][\/vc_row][vc_row content_width=&#8221;grid&#8221; content_aligment=&#8221;center&#8221; css=&#8221;.vc_custom_1696872380803{padding-top: 58px !important;}&#8221;][vc_column width=&#8221;1\/3&#8243; css=&#8221;.vc_custom_1696888490339{padding-left: 20px !important;}&#8221;]\n<div class=\"edgtf-custom-font-holder\" style=\"font-size: 20px;line-height: 35px;font-weight: 300;text-align: justify\" data-font-size= 20 data-line-height= 35>\n\tLIEN D'ACTUALIT\u00c9S ORIGINALES\t<\/div>[\/vc_column][vc_column width=&#8221;1\/3&#8243;][\/vc_column][vc_column width=&#8221;1\/3&#8243;][\/vc_column][\/vc_row][vc_row][vc_column width=&#8221;1\/3&#8243;][vc_column_text]<\/p>\n<h2 style=\"text-align: left;\"><a href=\"https:\/\/www.hurriyet.com.tr\/kampus\/kaybedenler-kulubu-yolda-yonetmeni-mehmet-ada-oztekin-kampuste-40823319\" target=\"_blank\" rel=\"noopener\">hurriyet.com.tr<\/a><\/h2>\n<p>[\/vc_column_text][\/vc_column][vc_column width=&#8221;1\/3&#8243;][\/vc_column][vc_column width=&#8221;1\/3&#8243;][\/vc_column][\/vc_row]<\/p>\n<\/section>","protected":false},"excerpt":{"rendered":"<p>Losers Club sur la route, le r\u00e9alisateur Mehmet Ada \u00d6ztekin sur le campus<\/p>\n","protected":false},"author":1,"featured_media":4831,"comment_status":"closed","ping_status":"closed","sticky":false,"template":"","format":"standard","meta":{"footnotes":""},"categories":[283],"tags":[],"yoast_head":"<!-- This site is optimized with the Yoast SEO plugin v21.4 - https:\/\/yoast.com\/wordpress\/plugins\/seo\/ -->\n<title>Mehmet Ada \u00d6ztekin sur le campus - Mehmet Ada \u00d6ztekin<\/title>\n<meta name=\"robots\" content=\"index, follow, max-snippet:-1, max-image-preview:large, max-video-preview:-1\" \/>\n<link rel=\"canonical\" href=\"https:\/\/mehmetadaoztekin.com\/index.php\/2023\/10\/10\/mehmet-ada-oztekin-sur-le-campus\/\" \/>\n<meta property=\"og:locale\" content=\"tr_TR\" \/>\n<meta property=\"og:type\" content=\"article\" \/>\n<meta property=\"og:title\" content=\"Mehmet Ada \u00d6ztekin sur le campus - Mehmet Ada \u00d6ztekin\" \/>\n<meta property=\"og:description\" content=\"Losers Club sur la route, le r\u00e9alisateur Mehmet Ada \u00d6ztekin sur le campus\" \/>\n<meta property=\"og:url\" content=\"https:\/\/mehmetadaoztekin.com\/index.php\/2023\/10\/10\/mehmet-ada-oztekin-sur-le-campus\/?lang=fr\" \/>\n<meta property=\"og:site_name\" content=\"Mehmet Ada \u00d6ztekin\" \/>\n<meta property=\"article:published_time\" content=\"2023-10-09T22:19:11+00:00\" \/>\n<meta property=\"article:modified_time\" content=\"2023-10-17T20:38:03+00:00\" \/>\n<meta property=\"og:image\" content=\"https:\/\/mehmetadaoztekin.com\/wp-content\/uploads\/2023\/10\/Kaybedenler-Kulubu-Yolda-yonetmeni-Mehmet-Ada-Oztekin-Kampuste.jpg\" \/>\n\t<meta property=\"og:image:width\" content=\"1366\" \/>\n\t<meta property=\"og:image:height\" content=\"768\" \/>\n\t<meta property=\"og:image:type\" content=\"image\/jpeg\" \/>\n<meta name=\"author\" content=\"Mehmet Ada \u00d6ztekin\" \/>\n<meta name=\"twitter:card\" content=\"summary_large_image\" \/>\n<meta name=\"twitter:label1\" content=\"Yazan:\" \/>\n\t<meta name=\"twitter:data1\" content=\"Mehmet Ada \u00d6ztekin\" \/>\n\t<meta name=\"twitter:label2\" content=\"Tahmini okuma s\u00fcresi\" \/>\n\t<meta name=\"twitter:data2\" content=\"18 dakika\" \/>\n<script type=\"application\/ld+json\" class=\"yoast-schema-graph\">{\"@context\":\"https:\/\/schema.org\",\"@graph\":[{\"@type\":\"Article\",\"@id\":\"https:\/\/mehmetadaoztekin.com\/index.php\/2023\/10\/10\/mehmet-ada-oztekin-sur-le-campus\/?lang=fr#article\",\"isPartOf\":{\"@id\":\"https:\/\/mehmetadaoztekin.com\/index.php\/2023\/10\/10\/mehmet-ada-oztekin-sur-le-campus\/?lang=fr\"},\"author\":{\"name\":\"Mehmet Ada \u00d6ztekin\",\"@id\":\"https:\/\/mehmetadaoztekin.com\/#\/schema\/person\/7a1af24e8ae8da993f19880246de9191\"},\"headline\":\"Mehmet Ada \u00d6ztekin sur le campus\",\"datePublished\":\"2023-10-09T22:19:11+00:00\",\"dateModified\":\"2023-10-17T20:38:03+00:00\",\"mainEntityOfPage\":{\"@id\":\"https:\/\/mehmetadaoztekin.com\/index.php\/2023\/10\/10\/mehmet-ada-oztekin-sur-le-campus\/?lang=fr\"},\"wordCount\":3646,\"publisher\":{\"@id\":\"https:\/\/mehmetadaoztekin.com\/#\/schema\/person\/7a1af24e8ae8da993f19880246de9191\"},\"articleSection\":[\"Presse\"],\"inLanguage\":\"tr\"},{\"@type\":\"WebPage\",\"@id\":\"https:\/\/mehmetadaoztekin.com\/index.php\/2023\/10\/10\/mehmet-ada-oztekin-sur-le-campus\/?lang=fr\",\"url\":\"https:\/\/mehmetadaoztekin.com\/index.php\/2023\/10\/10\/mehmet-ada-oztekin-sur-le-campus\/?lang=fr\",\"name\":\"Mehmet Ada \u00d6ztekin sur le campus - Mehmet Ada \u00d6ztekin\",\"isPartOf\":{\"@id\":\"https:\/\/mehmetadaoztekin.com\/#website\"},\"datePublished\":\"2023-10-09T22:19:11+00:00\",\"dateModified\":\"2023-10-17T20:38:03+00:00\",\"breadcrumb\":{\"@id\":\"https:\/\/mehmetadaoztekin.com\/index.php\/2023\/10\/10\/mehmet-ada-oztekin-sur-le-campus\/?lang=fr#breadcrumb\"},\"inLanguage\":\"tr\",\"potentialAction\":[{\"@type\":\"ReadAction\",\"target\":[\"https:\/\/mehmetadaoztekin.com\/index.php\/2023\/10\/10\/mehmet-ada-oztekin-sur-le-campus\/?lang=fr\"]}]},{\"@type\":\"BreadcrumbList\",\"@id\":\"https:\/\/mehmetadaoztekin.com\/index.php\/2023\/10\/10\/mehmet-ada-oztekin-sur-le-campus\/?lang=fr#breadcrumb\",\"itemListElement\":[{\"@type\":\"ListItem\",\"position\":1,\"name\":\"Anasayfa\",\"item\":\"https:\/\/mehmetadaoztekin.com\/\"},{\"@type\":\"ListItem\",\"position\":2,\"name\":\"Mehmet Ada \u00d6ztekin sur le campus\"}]},{\"@type\":\"WebSite\",\"@id\":\"https:\/\/mehmetadaoztekin.com\/#website\",\"url\":\"https:\/\/mehmetadaoztekin.com\/\",\"name\":\"Mehmet Ada \u00d6ztekin\",\"description\":\"| Director\",\"publisher\":{\"@id\":\"https:\/\/mehmetadaoztekin.com\/#\/schema\/person\/7a1af24e8ae8da993f19880246de9191\"},\"potentialAction\":[{\"@type\":\"SearchAction\",\"target\":{\"@type\":\"EntryPoint\",\"urlTemplate\":\"https:\/\/mehmetadaoztekin.com\/?s={search_term_string}\"},\"query-input\":\"required name=search_term_string\"}],\"inLanguage\":\"tr\"},{\"@type\":[\"Person\",\"Organization\"],\"@id\":\"https:\/\/mehmetadaoztekin.com\/#\/schema\/person\/7a1af24e8ae8da993f19880246de9191\",\"name\":\"Mehmet Ada \u00d6ztekin\",\"image\":{\"@type\":\"ImageObject\",\"inLanguage\":\"tr\",\"@id\":\"https:\/\/mehmetadaoztekin.com\/#\/schema\/person\/image\/\",\"url\":\"https:\/\/mehmetadaoztekin.com\/wp-content\/uploads\/2017\/05\/Ataturk_04.jpg\",\"contentUrl\":\"https:\/\/mehmetadaoztekin.com\/wp-content\/uploads\/2017\/05\/Ataturk_04.jpg\",\"width\":1080,\"height\":1620,\"caption\":\"Mehmet Ada \u00d6ztekin\"},\"logo\":{\"@id\":\"https:\/\/mehmetadaoztekin.com\/#\/schema\/person\/image\/\"},\"sameAs\":[\"https:\/\/mehmetadaoztekin.com\"],\"url\":\"https:\/\/mehmetadaoztekin.com\/index.php\/author\/rara\/\"}]}<\/script>\n<!-- \/ Yoast SEO plugin. -->","yoast_head_json":{"title":"Mehmet Ada \u00d6ztekin sur le campus - Mehmet Ada \u00d6ztekin","robots":{"index":"index","follow":"follow","max-snippet":"max-snippet:-1","max-image-preview":"max-image-preview:large","max-video-preview":"max-video-preview:-1"},"canonical":"https:\/\/mehmetadaoztekin.com\/index.php\/2023\/10\/10\/mehmet-ada-oztekin-sur-le-campus\/","og_locale":"tr_TR","og_type":"article","og_title":"Mehmet Ada \u00d6ztekin sur le campus - Mehmet Ada \u00d6ztekin","og_description":"Losers Club sur la route, le r\u00e9alisateur Mehmet Ada \u00d6ztekin sur le campus","og_url":"https:\/\/mehmetadaoztekin.com\/index.php\/2023\/10\/10\/mehmet-ada-oztekin-sur-le-campus\/?lang=fr","og_site_name":"Mehmet Ada \u00d6ztekin","article_published_time":"2023-10-09T22:19:11+00:00","article_modified_time":"2023-10-17T20:38:03+00:00","og_image":[{"width":1366,"height":768,"url":"https:\/\/mehmetadaoztekin.com\/wp-content\/uploads\/2023\/10\/Kaybedenler-Kulubu-Yolda-yonetmeni-Mehmet-Ada-Oztekin-Kampuste.jpg","type":"image\/jpeg"}],"author":"Mehmet Ada \u00d6ztekin","twitter_card":"summary_large_image","twitter_misc":{"Yazan:":"Mehmet Ada \u00d6ztekin","Tahmini okuma s\u00fcresi":"18 dakika"},"schema":{"@context":"https:\/\/schema.org","@graph":[{"@type":"Article","@id":"https:\/\/mehmetadaoztekin.com\/index.php\/2023\/10\/10\/mehmet-ada-oztekin-sur-le-campus\/?lang=fr#article","isPartOf":{"@id":"https:\/\/mehmetadaoztekin.com\/index.php\/2023\/10\/10\/mehmet-ada-oztekin-sur-le-campus\/?lang=fr"},"author":{"name":"Mehmet Ada \u00d6ztekin","@id":"https:\/\/mehmetadaoztekin.com\/#\/schema\/person\/7a1af24e8ae8da993f19880246de9191"},"headline":"Mehmet Ada \u00d6ztekin sur le campus","datePublished":"2023-10-09T22:19:11+00:00","dateModified":"2023-10-17T20:38:03+00:00","mainEntityOfPage":{"@id":"https:\/\/mehmetadaoztekin.com\/index.php\/2023\/10\/10\/mehmet-ada-oztekin-sur-le-campus\/?lang=fr"},"wordCount":3646,"publisher":{"@id":"https:\/\/mehmetadaoztekin.com\/#\/schema\/person\/7a1af24e8ae8da993f19880246de9191"},"articleSection":["Presse"],"inLanguage":"tr"},{"@type":"WebPage","@id":"https:\/\/mehmetadaoztekin.com\/index.php\/2023\/10\/10\/mehmet-ada-oztekin-sur-le-campus\/?lang=fr","url":"https:\/\/mehmetadaoztekin.com\/index.php\/2023\/10\/10\/mehmet-ada-oztekin-sur-le-campus\/?lang=fr","name":"Mehmet Ada \u00d6ztekin sur le campus - Mehmet Ada \u00d6ztekin","isPartOf":{"@id":"https:\/\/mehmetadaoztekin.com\/#website"},"datePublished":"2023-10-09T22:19:11+00:00","dateModified":"2023-10-17T20:38:03+00:00","breadcrumb":{"@id":"https:\/\/mehmetadaoztekin.com\/index.php\/2023\/10\/10\/mehmet-ada-oztekin-sur-le-campus\/?lang=fr#breadcrumb"},"inLanguage":"tr","potentialAction":[{"@type":"ReadAction","target":["https:\/\/mehmetadaoztekin.com\/index.php\/2023\/10\/10\/mehmet-ada-oztekin-sur-le-campus\/?lang=fr"]}]},{"@type":"BreadcrumbList","@id":"https:\/\/mehmetadaoztekin.com\/index.php\/2023\/10\/10\/mehmet-ada-oztekin-sur-le-campus\/?lang=fr#breadcrumb","itemListElement":[{"@type":"ListItem","position":1,"name":"Anasayfa","item":"https:\/\/mehmetadaoztekin.com\/"},{"@type":"ListItem","position":2,"name":"Mehmet Ada \u00d6ztekin sur le campus"}]},{"@type":"WebSite","@id":"https:\/\/mehmetadaoztekin.com\/#website","url":"https:\/\/mehmetadaoztekin.com\/","name":"Mehmet Ada \u00d6ztekin","description":"| Director","publisher":{"@id":"https:\/\/mehmetadaoztekin.com\/#\/schema\/person\/7a1af24e8ae8da993f19880246de9191"},"potentialAction":[{"@type":"SearchAction","target":{"@type":"EntryPoint","urlTemplate":"https:\/\/mehmetadaoztekin.com\/?s={search_term_string}"},"query-input":"required name=search_term_string"}],"inLanguage":"tr"},{"@type":["Person","Organization"],"@id":"https:\/\/mehmetadaoztekin.com\/#\/schema\/person\/7a1af24e8ae8da993f19880246de9191","name":"Mehmet Ada \u00d6ztekin","image":{"@type":"ImageObject","inLanguage":"tr","@id":"https:\/\/mehmetadaoztekin.com\/#\/schema\/person\/image\/","url":"https:\/\/mehmetadaoztekin.com\/wp-content\/uploads\/2017\/05\/Ataturk_04.jpg","contentUrl":"https:\/\/mehmetadaoztekin.com\/wp-content\/uploads\/2017\/05\/Ataturk_04.jpg","width":1080,"height":1620,"caption":"Mehmet Ada \u00d6ztekin"},"logo":{"@id":"https:\/\/mehmetadaoztekin.com\/#\/schema\/person\/image\/"},"sameAs":["https:\/\/mehmetadaoztekin.com"],"url":"https:\/\/mehmetadaoztekin.com\/index.php\/author\/rara\/"}]}},"_links":{"self":[{"href":"https:\/\/mehmetadaoztekin.com\/index.php\/wp-json\/wp\/v2\/posts\/5032"}],"collection":[{"href":"https:\/\/mehmetadaoztekin.com\/index.php\/wp-json\/wp\/v2\/posts"}],"about":[{"href":"https:\/\/mehmetadaoztekin.com\/index.php\/wp-json\/wp\/v2\/types\/post"}],"author":[{"embeddable":true,"href":"https:\/\/mehmetadaoztekin.com\/index.php\/wp-json\/wp\/v2\/users\/1"}],"replies":[{"embeddable":true,"href":"https:\/\/mehmetadaoztekin.com\/index.php\/wp-json\/wp\/v2\/comments?post=5032"}],"version-history":[{"count":10,"href":"https:\/\/mehmetadaoztekin.com\/index.php\/wp-json\/wp\/v2\/posts\/5032\/revisions"}],"predecessor-version":[{"id":5292,"href":"https:\/\/mehmetadaoztekin.com\/index.php\/wp-json\/wp\/v2\/posts\/5032\/revisions\/5292"}],"wp:featuredmedia":[{"embeddable":true,"href":"https:\/\/mehmetadaoztekin.com\/index.php\/wp-json\/wp\/v2\/media\/4831"}],"wp:attachment":[{"href":"https:\/\/mehmetadaoztekin.com\/index.php\/wp-json\/wp\/v2\/media?parent=5032"}],"wp:term":[{"taxonomy":"category","embeddable":true,"href":"https:\/\/mehmetadaoztekin.com\/index.php\/wp-json\/wp\/v2\/categories?post=5032"},{"taxonomy":"post_tag","embeddable":true,"href":"https:\/\/mehmetadaoztekin.com\/index.php\/wp-json\/wp\/v2\/tags?post=5032"}],"curies":[{"name":"wp","href":"https:\/\/api.w.org\/{rel}","templated":true}]}}